{"id":2238,"date":"2026-09-03T15:55:38","date_gmt":"2026-09-03T18:55:38","guid":{"rendered":"https:\/\/faculdadef7.edu.br\/?p=2238"},"modified":"2026-09-03T16:10:10","modified_gmt":"2026-09-03T19:10:10","slug":"vestibular-faculdade-f7-2027-edital-publicado","status":"publish","type":"post","link":"https:\/\/faculdadef7.edu.br\/index.php\/2026\/09\/03\/vestibular-faculdade-f7-2027-edital-publicado\/","title":{"rendered":"Vestibular Faculdade F7 2027: Edital Publicado!"},"content":{"rendered":"\n<figure class=\"wp-block-image aligncenter size-large is-resized\"><img fetchpriority=\"high\" decoding=\"async\" width=\"1024\" height=\"322\" src=\"https:\/\/faculdadef7.edu.br\/wp-content\/uploads\/2026\/09\/VEST2027F7BANNER-1024x322.png\" alt=\"\" class=\"wp-image-2243\" style=\"width:789px\" srcset=\"https:\/\/faculdadef7.edu.br\/wp-content\/uploads\/2026\/09\/VEST2027F7BANNER-1024x322.png 1024w, https:\/\/faculdadef7.edu.br\/wp-content\/uploads\/2026\/09\/VEST2027F7BANNER-300x94.png 300w, https:\/\/faculdadef7.edu.br\/wp-content\/uploads\/2026\/09\/VEST2027F7BANNER-768x242.png 768w, https:\/\/faculdadef7.edu.br\/wp-content\/uploads\/2026\/09\/VEST2027F7BANNER.png 1280w\" sizes=\"(max-width: 1024px) 100vw, 1024px\" \/><\/figure>\n\n\n\n<div style=\"max-width: 850px; margin: 0 auto; padding: 20px; font-family: Arial, sans-serif; color: #333; line-height: 1.6; background-color: #ffffff; box-shadow: 0 0 15px rgba(0,0,0,0.1); border-radius: 8px;\">\n\n    <!-- T\u00cdTULO PRINCIPAL -->\n    <h2 style=\"color: #1a1a1a; margin-top: 10px; margin-bottom: 20px; text-align: center; border-bottom: 4px solid #1a73e8; padding-bottom: 10px; text-transform: uppercase; font-size: 1.35em;\">\n        Vestibular Faculdade F7 2027: Formas de Ingresso e Cursos Dispon\u00edveis\n    <\/h2>\n\n    <p style=\"text-align: justify;\">\n        A <b>Faculdade de Ensino 7 (F7)<\/b> publicou o Edital Oficial do Processo Seletivo 2027. Voltado para quem busca uma forma\u00e7\u00e3o superior de excel\u00eancia, alinhada \u00e0s exig\u00eancias do mercado e com infraestrutura moderna, o vestibular oferece oportunidades de ingresso nos turnos vespertino e noturno.\n    <\/p>\n\n    <!-- RESUMO EXECUTIVO DO PROCESSO SELETIVO -->\n    <div style=\"background-color: #f0f8ff; border-left: 5px solid #1a73e8; padding: 18px; margin: 25px 0; border-radius: 0 6px 6px 0;\">\n        <h4 style=\"margin: 0 0 12px 0; color: #1a73e8; text-transform: uppercase; font-size: 1em;\">\n            Informa\u00e7\u00f5es Gerais do Processo Seletivo\n        <\/h4>\n        <div style=\"display: grid; grid-template-columns: repeat(auto-fit, minmax(220px, 1fr)); gap: 12px; font-size: 0.95em;\">\n            <div><b>Per\u00edodo de Inscri\u00e7\u00e3o:<\/b> 02\/09\/2026 a 30\/04\/2027<\/div>\n            <div><b>Taxa de Inscri\u00e7\u00e3o:<\/b> Gratuita (Vestibular On-line)<\/div>\n            <div><b>Modalidade:<\/b> Cursos Presenciais<\/div>\n            <div><b>Turnos:<\/b> Vespertino e Noturno (100 vagas\/turno)<\/div>\n        <\/div>\n    <\/div>\n\n    <!-- FORMAS DE INGRESSO -->\n    <h3 style=\"color: #1a73e8; border-bottom: 1px solid #eee; padding-bottom: 5px; margin-top: 35px; text-transform: uppercase; font-size: 1.1em;\">\n        Modalidades de Ingresso\n    <\/h3>\n\n    <div style=\"display: grid; grid-template-columns: repeat(auto-fit, minmax(260px, 1fr)); gap: 15px; margin-top: 15px; margin-bottom: 25px;\">\n        <div style=\"padding: 15px; border: 1px solid #e0e0e0; background-color: #f9f9f9; border-radius: 6px;\">\n            <b style=\"color: #1a73e8; display: block; margin-bottom: 6px; font-size: 0.98em;\">Vestibular On-line<\/b>\n            <p style=\"margin: 0; font-size: 0.88em; color: #555; text-align: justify;\">\n                Prova objetiva gratuita realizada no site oficial da institui\u00e7\u00e3o, composta por quest\u00f5es de L\u00edngua Portuguesa e Conhecimentos Gerais. A pontua\u00e7\u00e3o m\u00ednima para aprova\u00e7\u00e3o \u00e9 de 16 pontos.\n            <\/p>\n        <\/div>\n\n        <div style=\"padding: 15px; border: 1px solid #e0e0e0; background-color: #f9f9f9; border-radius: 6px;\">\n            <b style=\"color: #1a73e8; display: block; margin-bottom: 6px; font-size: 0.98em;\">Nota do ENEM<\/b>\n            <p style=\"margin: 0; font-size: 0.88em; color: #555; text-align: justify;\">\n                Permite o ingresso direto sem realiza\u00e7\u00e3o de nova prova para candidatos que participaram das edi\u00e7\u00f5es do ENEM entre 2018 e 2026 com m\u00e9dia igual ou superior a 250 pontos.\n            <\/p>\n        <\/div>\n\n        <div style=\"padding: 15px; border: 1px solid #e0e0e0; background-color: #f9f9f9; border-radius: 6px;\">\n            <b style=\"color: #1a73e8; display: block; margin-bottom: 6px; font-size: 0.98em;\">Transfer\u00eancia Externa<\/b>\n            <p style=\"margin: 0; font-size: 0.88em; color: #555; text-align: justify;\">\n                Destinado a alunos de outras institui\u00e7\u00f5es de ensino superior que desejam transferir seu v\u00ednculo acad\u00eamico para o mesmo curso ou \u00e1rea afim na F7.\n            <\/p>\n        <\/div>\n\n        <div style=\"padding: 15px; border: 1px solid #e0e0e0; background-color: #f9f9f9; border-radius: 6px;\">\n            <b style=\"color: #1a73e8; display: block; margin-bottom: 6px; font-size: 0.98em;\">Portador de Diploma<\/b>\n            <p style=\"margin: 0; font-size: 0.88em; color: #555; text-align: justify;\">\n                Ingresso simplificado para diplomados em cursos superiores reconhecidos pelo MEC, com possibilidade de aproveitamento de disciplinas cursadas.\n            <\/p>\n        <\/div>\n\n        <div style=\"padding: 15px; border: 1px solid #e0e0e0; background-color: #f9f9f9; border-radius: 6px;\">\n            <b style=\"color: #1a73e8; display: block; margin-bottom: 6px; font-size: 0.98em;\">Reingresso<\/b>\n            <p style=\"margin: 0; font-size: 0.88em; color: #555; text-align: justify;\">\n                Possibilidade de reativa\u00e7\u00e3o de matr\u00edcula para estudantes com v\u00ednculo pr\u00e9vio com a F7 cadastrado entre os semestres 2022.2 e 2026.2.\n            <\/p>\n        <\/div>\n    <\/div>\n\n    <!-- CURSOS OFERTADOS -->\n    <h3 style=\"color: #1a73e8; border-bottom: 1px solid #eee; padding-bottom: 5px; margin-top: 35px; text-transform: uppercase; font-size: 1.1em;\">\n        Cursos de Gradua\u00e7\u00e3o\n    <\/h3>\n\n    <div style=\"display: grid; grid-template-columns: repeat(auto-fit, minmax(360px, 1fr)); gap: 15px; margin-top: 15px; margin-bottom: 25px;\">\n        <div style=\"padding: 15px; border: 1px solid #e0e0e0; background-color: #ffffff; border-radius: 6px;\">\n            <b style=\"color: #1a73e8; font-size: 0.98em; display: block; margin-bottom: 6px;\">Direito<\/b>\n            <p style=\"margin: 0; font-size: 0.88em; color: #555; text-align: justify;\">\n                Capacita o acad\u00eamico para atua\u00e7\u00e3o na advocacia privada, consultoria jur\u00eddica corporativa e carreiras p\u00fablicas como Magistratura, Minist\u00e9rio P\u00fablico e Delegacia de Pol\u00edcia.\n            <\/p>\n        <\/div>\n\n        <div style=\"padding: 15px; border: 1px solid #e0e0e0; background-color: #ffffff; border-radius: 6px;\">\n            <b style=\"color: #1a73e8; font-size: 0.98em; display: block; margin-bottom: 6px;\">Enfermagem<\/b>\n            <p style=\"margin: 0; font-size: 0.88em; color: #555; text-align: justify;\">\n                Forma\u00e7\u00e3o focada no atendimento assistencial, gest\u00e3o hospitalar, urg\u00eancia, emerg\u00eancia, sa\u00fade da fam\u00edlia e procedimentos de m\u00e9dia e alta complexidade.\n            <\/p>\n        <\/div>\n\n        <div style=\"padding: 15px; border: 1px solid #e0e0e0; background-color: #ffffff; border-radius: 6px;\">\n            <b style=\"color: #1a73e8; font-size: 0.98em; display: block; margin-bottom: 6px;\">Medicina Veterin\u00e1ria<\/b>\n            <p style=\"margin: 0; font-size: 0.88em; color: #555; text-align: justify;\">\n                Abrrange a cl\u00ednica de pequenos e grandes animais, atua\u00e7\u00f5es no agroneg\u00f3cio, inspe\u00e7\u00e3o de produtos de origem animal, pesquisas e sa\u00fade p\u00fablica.\n            <\/p>\n        <\/div>\n\n        <div style=\"padding: 15px; border: 1px solid #e0e0e0; background-color: #ffffff; border-radius: 6px;\">\n            <b style=\"color: #1a73e8; font-size: 0.98em; display: block; margin-bottom: 6px;\">Odontologia<\/b>\n            <p style=\"margin: 0; font-size: 0.88em; color: #555; text-align: justify;\">\n                Prepara o profissional para diagn\u00f3sticos, tratamentos cl\u00ednicos, ortodontia, implantodontia, cirurgias e est\u00e9tica orofacial.\n            <\/p>\n        <\/div>\n\n        <div style=\"padding: 15px; border: 1px solid #e0e0e0; background-color: #ffffff; border-radius: 6px;\">\n            <b style=\"color: #1a73e8; font-size: 0.98em; display: block; margin-bottom: 6px;\">Psicologia<\/b>\n            <p style=\"margin: 0; font-size: 0.88em; color: #555; text-align: justify;\">\n                Habilita para preven\u00e7\u00e3o, avalia\u00e7\u00e3o e interven\u00e7\u00e3o psicol\u00f3gica nos campos cl\u00ednico, organizacional, hospitalar, educacional e social.\n            <\/p>\n        <\/div>\n    <\/div>\n\n    <!-- INSCRI\u00c7\u00c3O E EDITAL -->\n    <h3 style=\"color: #1a73e8; border-bottom: 1px solid #eee; padding-bottom: 5px; margin-top: 35px; text-transform: uppercase; font-size: 1.1em;\">\n        Inscri\u00e7\u00f5es e Edital\n    <\/h3>\n\n    <p style=\"text-align: justify;\">\n        As inscri\u00e7\u00f5es podem ser realizadas no endere\u00e7o eletr\u00f4nico <b>www.faculdadef7.edu.br<\/b> at\u00e9 o dia 30 de abril de 2027 ou at\u00e9 o preenchimento total das vagas. Recomendamos a leitura pr\u00e9via da documenta\u00e7\u00e3o completa exigida no edital para efetiva\u00e7\u00e3o da matr\u00edcula.\n    <\/p>\n\n    <!-- BOT\u00c3O DO EDITAL -->\n    <div style=\"text-align: center; margin: 35px 0 25px 0;\">\n        <a href=\"https:\/\/faculdadef7.edu.br\/wp-content\/uploads\/2026\/09\/EDITAL-PROCESSO-SELETIVO-FACULDADE-F7-2027.pdf\" target=\"_blank\" rel=\"noopener noreferrer\" style=\"display: inline-block; background-color: #1a73e8; color: #ffffff; text-decoration: none; padding: 15px 30px; border-radius: 6px; font-weight: bold; font-size: 0.98em; box-shadow: 0 4px 6px rgba(0,0,0,0.1); transition: background-color 0.2s ease;\">\n            Acessar Edital Oficial do Processo Seletivo F7 2027 (PDF)\n        <\/a>\n    <\/div>\n\n    <p style=\"text-align: center; font-weight: bold; color: #1a73e8; font-size: 1em; text-transform: uppercase; letter-spacing: 0.5px; border-top: 1px dashed #e0e0e0; padding-top: 25px;\">\n        Faculdade F7 \u2014 Forma\u00e7\u00e3o Superior Voltada ao Seu Desenvolvimento Profissional\n    <\/p>\n\n<\/div>\n\n\n\n<div style=\"height:100px\" aria-hidden=\"true\" class=\"wp-block-spacer\"><\/div>\n","protected":false},"excerpt":{"rendered":"<p>Vestibular Faculdade F7 2027: Formas de Ingresso e Cursos Dispon\u00edveis A Faculdade de Ensino 7 (F7) publicou o Edital Oficial do Processo Seletivo 2027. Voltado para quem busca uma forma\u00e7\u00e3o superior de excel\u00eancia, alinhada \u00e0s exig\u00eancias do mercado e com infraestrutura moderna, o vestibular oferece oportunidades de ingresso nos turnos vespertino e noturno. Informa\u00e7\u00f5es Gerais [&hellip;]<\/p>\n","protected":false},"author":3,"featured_media":2244,"comment_status":"closed","ping_status":"closed","sticky":false,"template":"","format":"standard","meta":{"_jetpack_memberships_contains_paid_content":false,"footnotes":""},"categories":[13,15,5,9,6,3,14],"tags":[],"class_list":["post-2238","post","type-post","status-publish","format-standard","has-post-thumbnail","hentry","category-academico","category-direito","category-enfermagem","category-medicina-veterinaria","category-noticias","category-odontologia","category-psicologia"],"jetpack_featured_media_url":"https:\/\/faculdadef7.edu.br\/wp-content\/uploads\/2026\/09\/VEST2027F7CAPA.png","jetpack_sharing_enabled":true,"_links":{"self":[{"href":"https:\/\/faculdadef7.edu.br\/index.php\/wp-json\/wp\/v2\/posts\/2238","targetHints":{"allow":["GET"]}}],"collection":[{"href":"https:\/\/faculdadef7.edu.br\/index.php\/wp-json\/wp\/v2\/posts"}],"about":[{"href":"https:\/\/faculdadef7.edu.br\/index.php\/wp-json\/wp\/v2\/types\/post"}],"author":[{"embeddable":true,"href":"https:\/\/faculdadef7.edu.br\/index.php\/wp-json\/wp\/v2\/users\/3"}],"replies":[{"embeddable":true,"href":"https:\/\/faculdadef7.edu.br\/index.php\/wp-json\/wp\/v2\/comments?post=2238"}],"version-history":[{"count":2,"href":"https:\/\/faculdadef7.edu.br\/index.php\/wp-json\/wp\/v2\/posts\/2238\/revisions"}],"predecessor-version":[{"id":2247,"href":"https:\/\/faculdadef7.edu.br\/index.php\/wp-json\/wp\/v2\/posts\/2238\/revisions\/2247"}],"wp:featuredmedia":[{"embeddable":true,"href":"https:\/\/faculdadef7.edu.br\/index.php\/wp-json\/wp\/v2\/media\/2244"}],"wp:attachment":[{"href":"https:\/\/faculdadef7.edu.br\/index.php\/wp-json\/wp\/v2\/media?parent=2238"}],"wp:term":[{"taxonomy":"category","embeddable":true,"href":"https:\/\/faculdadef7.edu.br\/index.php\/wp-json\/wp\/v2\/categories?post=2238"},{"taxonomy":"post_tag","embeddable":true,"href":"https:\/\/faculdadef7.edu.br\/index.php\/wp-json\/wp\/v2\/tags?post=2238"}],"curies":[{"name":"wp","href":"https:\/\/api.w.org\/{rel}","templated":true}]}}